{"id":657,"date":"2022-02-02T12:32:08","date_gmt":"2022-02-02T14:32:08","guid":{"rendered":"https:\/\/alubra.com.br\/site\/?p=657"},"modified":"2022-02-02T12:32:08","modified_gmt":"2022-02-02T14:32:08","slug":"filme-yawanawa","status":"publish","type":"post","link":"https:\/\/alubra.com.br\/site\/filme-yawanawa\/","title":{"rendered":"Filme Yawanaw\u00e1"},"content":{"rendered":"<p>Os Yawanaw\u00e1s, termo que significa &#8220;Povo da Queixada&#8221; (yawa: queixada; nawa: povo), Terra \u00cdndigena do Rio Greg\u00f3rio &#8211; Acre, buscam o equil\u00edbrio entre o tradicional e moderno, atraindo a tecnologia de maneira limitada, mantendo viva a sua cultura, tradi\u00e7\u00e3o e modo de vida.<\/p>\n<p>Na d\u00e9cada de 1930, estavam quase extintos, brigaram pela sobreviv\u00eancia pois invadiam suas aldeias em busca da seiva do caucho &#8211; \u00e1rvore de grade porte da qual se extrai o l\u00e1tex. Al\u00e9m da busca pelo produto, matavam os guerreiros e levavam as suas mulheres.<\/p>\n<p>J\u00e1 na d\u00e9cada de 1970, foi a persegui\u00e7\u00e3o do trabalho escravo que assolou de maneira intensa a vida desse povo.<\/p>\n<p>Contudo os guerreiros Yawanaw\u00e1 lutaram pela sua liberdade, se reergueram e hoje s\u00e3o um povo origin\u00e1rio forte e reconhecido internacionalmente.<\/p>\n<p>\u00c9 uma das primeiras etnias a ter seu territ\u00f3rio que inclui \u00e1reas sagradas, demarcado pela Funda\u00e7\u00e3o Nacional do \u00cdndio (Funai), em 1984.<\/p>\n<p>Vivem em casas de palafita para se proteger das enchentes e tamb\u00e9m dos animais. \u00c9 um dos tipos de casas mais antigo do mundo, encontrado tamb\u00e9m na Europa, \u00c1sia, Am\u00e9rica e \u00c1frica.<\/p>\n<p>O telhado de muitas casas tem a cobertura de palha que \u00e9 mais resistente do que o telhado convencional feito de amianto, apesar de tamb\u00e9m utilizarem, por\u00e9m a palha resiste a fortes ventos e chuvas, duram at\u00e9 10 anos, al\u00e9m de serem \u00e0 prova d\u2019\u00e1gua.<\/p>\n<p>N\u00f3s da\u00a0<a class=\" xil3i\" tabindex=\"0\" href=\"https:\/\/www.instagram.com\/explore\/tags\/alubra\/\">#Alubra<\/a>\u00a0fomos at\u00e9 a Amaz\u00f4nia para admirar, conhecer, aprender e se inspirar com o estilo de viver e de morar dos Yawanaw\u00e1.<\/p>\n<p>Continue acompanhando nossa campanha e descubra mais sobre o universo deste povo.<\/p>\n<p>Afinal, quais s\u00e3o as portas e janelas que voc\u00ea precisa abrir?<\/p>\n<p><iframe loading=\"lazy\" title=\"Filme Alubra Yawanaw\u00e1\" width=\"1060\" height=\"596\" src=\"https:\/\/www.youtube.com\/embed\/_yU-fCZhe68?feature=oembed\" frameborder=\"0\" allow=\"accelerometer; autoplay; clipboard-write; encrypted-media; gyroscope; picture-in-picture\" allowfullscreen><\/iframe><\/p>\n","protected":false},"excerpt":{"rendered":"<p>Os Yawanaw\u00e1s, termo que significa &#8220;Povo da Queixada&#8221; (yawa: queixada; nawa: povo), Terra \u00cdndigena do Rio Greg\u00f3rio &#8211; Acre, buscam o equil\u00edbrio entre o tradicional&#8230;<\/p>\n","protected":false},"author":2,"featured_media":659,"comment_status":"open","ping_status":"open","sticky":false,"template":"","format":"standard","meta":[],"categories":[1],"tags":[134,17,121,14,85,15,137,46,136,118,133,131,132,135,116],"_links":{"self":[{"href":"https:\/\/alubra.com.br\/site\/wp-json\/wp\/v2\/posts\/657"}],"collection":[{"href":"https:\/\/alubra.com.br\/site\/wp-json\/wp\/v2\/posts"}],"about":[{"href":"https:\/\/alubra.com.br\/site\/wp-json\/wp\/v2\/types\/post"}],"author":[{"embeddable":true,"href":"https:\/\/alubra.com.br\/site\/wp-json\/wp\/v2\/users\/2"}],"replies":[{"embeddable":true,"href":"https:\/\/alubra.com.br\/site\/wp-json\/wp\/v2\/comments?post=657"}],"version-history":[{"count":1,"href":"https:\/\/alubra.com.br\/site\/wp-json\/wp\/v2\/posts\/657\/revisions"}],"predecessor-version":[{"id":660,"href":"https:\/\/alubra.com.br\/site\/wp-json\/wp\/v2\/posts\/657\/revisions\/660"}],"wp:featuredmedia":[{"embeddable":true,"href":"https:\/\/alubra.com.br\/site\/wp-json\/wp\/v2\/media\/659"}],"wp:attachment":[{"href":"https:\/\/alubra.com.br\/site\/wp-json\/wp\/v2\/media?parent=657"}],"wp:term":[{"taxonomy":"category","embeddable":true,"href":"https:\/\/alubra.com.br\/site\/wp-json\/wp\/v2\/categories?post=657"},{"taxonomy":"post_tag","embeddable":true,"href":"https:\/\/alubra.com.br\/site\/wp-json\/wp\/v2\/tags?post=657"}],"curies":[{"name":"wp","href":"https:\/\/api.w.org\/{rel}","templated":true}]}}