{"id":642,"date":"2021-12-09T16:54:08","date_gmt":"2021-12-09T18:54:08","guid":{"rendered":"https:\/\/alubra.com.br\/site\/?p=642"},"modified":"2021-12-09T16:54:08","modified_gmt":"2021-12-09T18:54:08","slug":"concreto-sempre-atual","status":"publish","type":"post","link":"https:\/\/alubra.com.br\/site\/concreto-sempre-atual\/","title":{"rendered":"Concreto, sempre atual!"},"content":{"rendered":"<div class=\"kvgmc6g5 cxmmr5t8 oygrvhab hcukyx3x c1et5uql ii04i59q\">\n<div dir=\"auto\">Resistente, expressivo e com muitas possibilidades de uso, o concreto \u00e9 uma solu\u00e7\u00e3o construtiva forte e com muita identifica\u00e7\u00e3o na arquitetura brasileira contempor\u00e2nea.<\/div>\n<\/div>\n<div class=\"cxmmr5t8 oygrvhab hcukyx3x c1et5uql o9v6fnle ii04i59q\">\n<div dir=\"auto\"><\/div>\n<div dir=\"auto\">Muito utilizado em pilares e vigas, o material foi largamente explorado em fachadas, brises, paredes internas, escadas e mobili\u00e1rios por Oscar Niemeyer.<\/div>\n<\/div>\n<div class=\"cxmmr5t8 oygrvhab hcukyx3x c1et5uql o9v6fnle ii04i59q\">\n<div dir=\"auto\"><\/div>\n<div dir=\"auto\">O arquiteto japon\u00eas Kazunori Fujimoto decidiu radicalizar. Em seus projetos, o \u00fanico material permitido \u00e9 o concreto. Especialista em constru\u00e7\u00e3o de casas, ele vem assombrando a arquitetura mundial com seus conceitos. \u00c0 exce\u00e7\u00e3o das esquadrias e dos vidros nas janelas, al\u00e9m das portas, nenhum outro material \u00e9 usado, sen\u00e3o o concreto.<\/div>\n<\/div>\n<div class=\"cxmmr5t8 oygrvhab hcukyx3x c1et5uql o9v6fnle ii04i59q\">\n<div dir=\"auto\"><\/div>\n<div dir=\"auto\">Pense nas esquadrias #Alubra para seus projetos em concreto se este for seu estilo, pois, seja em pvc ou alum\u00ednio, ela s\u00e3o insdispens\u00e1veis para a harmoniza\u00e7\u00e3o com este material!<\/div>\n<\/div>\n","protected":false},"excerpt":{"rendered":"<p>Resistente, expressivo e com muitas possibilidades de uso, o concreto \u00e9 uma solu\u00e7\u00e3o construtiva forte e com muita identifica\u00e7\u00e3o na arquitetura brasileira contempor\u00e2nea. Muito utilizado&#8230;<\/p>\n","protected":false},"author":2,"featured_media":643,"comment_status":"open","ping_status":"open","sticky":false,"template":"","format":"standard","meta":[],"categories":[1],"tags":[72,88,16,14,105,104,106,45,46,79,107],"_links":{"self":[{"href":"https:\/\/alubra.com.br\/site\/wp-json\/wp\/v2\/posts\/642"}],"collection":[{"href":"https:\/\/alubra.com.br\/site\/wp-json\/wp\/v2\/posts"}],"about":[{"href":"https:\/\/alubra.com.br\/site\/wp-json\/wp\/v2\/types\/post"}],"author":[{"embeddable":true,"href":"https:\/\/alubra.com.br\/site\/wp-json\/wp\/v2\/users\/2"}],"replies":[{"embeddable":true,"href":"https:\/\/alubra.com.br\/site\/wp-json\/wp\/v2\/comments?post=642"}],"version-history":[{"count":1,"href":"https:\/\/alubra.com.br\/site\/wp-json\/wp\/v2\/posts\/642\/revisions"}],"predecessor-version":[{"id":644,"href":"https:\/\/alubra.com.br\/site\/wp-json\/wp\/v2\/posts\/642\/revisions\/644"}],"wp:featuredmedia":[{"embeddable":true,"href":"https:\/\/alubra.com.br\/site\/wp-json\/wp\/v2\/media\/643"}],"wp:attachment":[{"href":"https:\/\/alubra.com.br\/site\/wp-json\/wp\/v2\/media?parent=642"}],"wp:term":[{"taxonomy":"category","embeddable":true,"href":"https:\/\/alubra.com.br\/site\/wp-json\/wp\/v2\/categories?post=642"},{"taxonomy":"post_tag","embeddable":true,"href":"https:\/\/alubra.com.br\/site\/wp-json\/wp\/v2\/tags?post=642"}],"curies":[{"name":"wp","href":"https:\/\/api.w.org\/{rel}","templated":true}]}}