{"id":629,"date":"2021-11-18T15:12:02","date_gmt":"2021-11-18T17:12:02","guid":{"rendered":"https:\/\/alubra.com.br\/site\/?p=629"},"modified":"2021-11-18T15:12:02","modified_gmt":"2021-11-18T17:12:02","slug":"pele-de-vidro","status":"publish","type":"post","link":"https:\/\/alubra.com.br\/site\/pele-de-vidro\/","title":{"rendered":"Pele de Vidro"},"content":{"rendered":"<p>Voc\u00ea sabia que as fachadas em pele de vidro deixaram de ser grandes solu\u00e7\u00f5es t\u00e9cnicas e de design em projetos comerciais e invadiram as resid\u00eancias? Sim! Atrav\u00e9s deste tipo de estrutura \u00e9 poss\u00edvel manter os perfis ocultos, sua fachada ficar\u00e1 100% envidra\u00e7ada, com visual limpo e moderno. De acordo com cada projeto os vidros podem ser neutros ou refletivos, isto fica por conta da necessidade est\u00e9tica, de privacidade ou seguran\u00e7a.<\/p>\n<p>Vantagem de trabalhar com a pele de vidro:<br \/>\n. Garante melhor ilumina\u00e7\u00e3o dos ambientes, por isso, indicada para constru\u00e7\u00f5es com pouca luminosidade.<br \/>\n. Como possibilita maior incid\u00eancia de ilumina\u00e7\u00e3o natural, h\u00e1 economia de energia el\u00e9trica.<br \/>\n. Esses ambientes ter\u00e3o melhor desempenho em rela\u00e7\u00e3o \u00e0 temperatura.<\/p>\n<p>Esta resid\u00eancia \u00e9 um belo exemplo da utiliza\u00e7\u00e3o da pele de vidro em fachadas residenciais, tanto t\u00e9rreas quanto duplex, numa parceria da <a class=\" xil3i\" tabindex=\"0\" href=\"https:\/\/www.instagram.com\/explore\/tags\/alubra\/\">#Alubra<\/a>\u00a0com a\u00a0<a class=\"notranslate\" tabindex=\"0\" href=\"https:\/\/www.instagram.com\/mowaarq\/\">@mowaarq<\/a>\u00a0realizada no Bauhaus Residencial em Santa Maria \/ RS.<\/p>\n","protected":false},"excerpt":{"rendered":"<p>Voc\u00ea sabia que as fachadas em pele de vidro deixaram de ser grandes solu\u00e7\u00f5es t\u00e9cnicas e de design em projetos comerciais e invadiram as resid\u00eancias?&#8230;<\/p>\n","protected":false},"author":2,"featured_media":630,"comment_status":"open","ping_status":"open","sticky":false,"template":"","format":"standard","meta":[],"categories":[1],"tags":[88,14,85,15,45,46,86,92,27,91,93,94,12,95,32],"_links":{"self":[{"href":"https:\/\/alubra.com.br\/site\/wp-json\/wp\/v2\/posts\/629"}],"collection":[{"href":"https:\/\/alubra.com.br\/site\/wp-json\/wp\/v2\/posts"}],"about":[{"href":"https:\/\/alubra.com.br\/site\/wp-json\/wp\/v2\/types\/post"}],"author":[{"embeddable":true,"href":"https:\/\/alubra.com.br\/site\/wp-json\/wp\/v2\/users\/2"}],"replies":[{"embeddable":true,"href":"https:\/\/alubra.com.br\/site\/wp-json\/wp\/v2\/comments?post=629"}],"version-history":[{"count":1,"href":"https:\/\/alubra.com.br\/site\/wp-json\/wp\/v2\/posts\/629\/revisions"}],"predecessor-version":[{"id":631,"href":"https:\/\/alubra.com.br\/site\/wp-json\/wp\/v2\/posts\/629\/revisions\/631"}],"wp:featuredmedia":[{"embeddable":true,"href":"https:\/\/alubra.com.br\/site\/wp-json\/wp\/v2\/media\/630"}],"wp:attachment":[{"href":"https:\/\/alubra.com.br\/site\/wp-json\/wp\/v2\/media?parent=629"}],"wp:term":[{"taxonomy":"category","embeddable":true,"href":"https:\/\/alubra.com.br\/site\/wp-json\/wp\/v2\/categories?post=629"},{"taxonomy":"post_tag","embeddable":true,"href":"https:\/\/alubra.com.br\/site\/wp-json\/wp\/v2\/tags?post=629"}],"curies":[{"name":"wp","href":"https:\/\/api.w.org\/{rel}","templated":true}]}}