{"id":574,"date":"2021-09-14T15:37:28","date_gmt":"2021-09-14T18:37:28","guid":{"rendered":"https:\/\/alubra.com.br\/site\/?p=574"},"modified":"2021-09-22T01:16:21","modified_gmt":"2021-09-22T04:16:21","slug":"alubra-em-mais-uma-mostra-de-arquitetura","status":"publish","type":"post","link":"https:\/\/alubra.com.br\/site\/alubra-em-mais-uma-mostra-de-arquitetura\/","title":{"rendered":"Erika Listo Arquitetura"},"content":{"rendered":"<p>A #alubra estar\u00e1 presente em mais uma grande mostra de arquitetura do pa\u00eds!<\/p>\n<p>Em parceria com a arquiteta Erika Listo, personalizamos esquadrias para seu ambiente da Casacor Rio Grande do Sul, que come\u00e7a neste final do m\u00eas de Setembro em Porto Alegre. A profissional \u00e9 especializada em projetos cl\u00ednicos, hospitalares, al\u00e9m \u00e9 claro, da atua\u00e7\u00e3o na \u00e1rea residencial e tamb\u00e9m design de interiores.<\/p>\n<p>Estamos todos ansiosos para mostrar o resultado de seu ambiente e trazer mais novidades para todos!<\/p>\n<p>Por hora, acompanhe a entrevista da Erika com nosso diretor de mkt Douglas Mann. Com certeza uma grande dica para quem precisa de profissionais capacitados nesta \u00e1rea!!!<\/p>\n<p><iframe loading=\"lazy\" title=\"Alubra Esquadrias \/ Erika Listo Arquitetura\" width=\"1060\" height=\"596\" src=\"https:\/\/www.youtube.com\/embed\/0qq7up2PtlY?feature=oembed\" frameborder=\"0\" allow=\"accelerometer; autoplay; clipboard-write; encrypted-media; gyroscope; picture-in-picture\" allowfullscreen><\/iframe><\/p>\n<p>&nbsp;<\/p>\n","protected":false},"excerpt":{"rendered":"<p>A #alubra estar\u00e1 presente em mais uma grande mostra de arquitetura do pa\u00eds! Em parceria com a arquiteta Erika Listo, personalizamos esquadrias para seu ambiente&#8230;<\/p>\n","protected":false},"author":2,"featured_media":575,"comment_status":"open","ping_status":"open","sticky":false,"template":"","format":"standard","meta":[],"categories":[1],"tags":[14,56,57,59,62,23,15,6,64,45,46,24,60,30,55,58,61,63],"_links":{"self":[{"href":"https:\/\/alubra.com.br\/site\/wp-json\/wp\/v2\/posts\/574"}],"collection":[{"href":"https:\/\/alubra.com.br\/site\/wp-json\/wp\/v2\/posts"}],"about":[{"href":"https:\/\/alubra.com.br\/site\/wp-json\/wp\/v2\/types\/post"}],"author":[{"embeddable":true,"href":"https:\/\/alubra.com.br\/site\/wp-json\/wp\/v2\/users\/2"}],"replies":[{"embeddable":true,"href":"https:\/\/alubra.com.br\/site\/wp-json\/wp\/v2\/comments?post=574"}],"version-history":[{"count":5,"href":"https:\/\/alubra.com.br\/site\/wp-json\/wp\/v2\/posts\/574\/revisions"}],"predecessor-version":[{"id":586,"href":"https:\/\/alubra.com.br\/site\/wp-json\/wp\/v2\/posts\/574\/revisions\/586"}],"wp:featuredmedia":[{"embeddable":true,"href":"https:\/\/alubra.com.br\/site\/wp-json\/wp\/v2\/media\/575"}],"wp:attachment":[{"href":"https:\/\/alubra.com.br\/site\/wp-json\/wp\/v2\/media?parent=574"}],"wp:term":[{"taxonomy":"category","embeddable":true,"href":"https:\/\/alubra.com.br\/site\/wp-json\/wp\/v2\/categories?post=574"},{"taxonomy":"post_tag","embeddable":true,"href":"https:\/\/alubra.com.br\/site\/wp-json\/wp\/v2\/tags?post=574"}],"curies":[{"name":"wp","href":"https:\/\/api.w.org\/{rel}","templated":true}]}}