{"id":557,"date":"2021-08-27T12:55:11","date_gmt":"2021-08-27T15:55:11","guid":{"rendered":"https:\/\/alubra.com.br\/site\/?p=557"},"modified":"2021-09-27T12:39:34","modified_gmt":"2021-09-27T15:39:34","slug":"preto-nas-esquadrias-e-arquitetura","status":"publish","type":"post","link":"https:\/\/alubra.com.br\/site\/preto-nas-esquadrias-e-arquitetura\/","title":{"rendered":"Preto nas Esquadrias"},"content":{"rendered":"<p>A cor preta \u00e9 \u00f3tima para criar contrastes ou valorizar detalhes. Ambientes totalmente pretos podem deixar o espa\u00e7o carregado tornando-o desconfort\u00e1vel, mas se combinado com cores claras o resultado \u00e9 bem interessante. Outro ponto sobre o preto \u00e9 que ele se destaca em ambientes claros, se voc\u00ea quer chamar aten\u00e7\u00e3o para alguma coisa basta utilizar um preto com alto brilho.<\/p>\n<p>A cor tamb\u00e9m \u00e9 \u00f3tima para esconder imperfei\u00e7\u00f5es. O preto tamb\u00e9m serve para ampliar e reduzir espa\u00e7os, dando a sensa\u00e7\u00e3o de profundidade ou enquadramento. Quando voc\u00ea trabalha com esquadrias de uma janela em preto, \u00e9 como se tivesse colocando fotografias num quadro.<\/p>\n<p>Port\u00f5es em preto s\u00e3o \u00f3timos para criar efeitos de composi\u00e7\u00e3o gr\u00e1fica no espa\u00e7o, n\u00e3o interferi no paisagismos o que proporciona sensa\u00e7\u00e3o de profundidade, se dando\u00a0 muito bem com metais, tons de madeira e cores claras no geral.<\/p>\n<p>Se voc\u00ea tem um ambiente muito gelado o preto pode te ajudar, cores escuras absorvem mais raios luminosos e isso faz com que o ambiente fique mais aquecido. O Preto \u00e9 recomendado para valorizar detalhes, ambientes de trabalho, banheiros, espa\u00e7os de jantar, salas de estar, restaurantes, caf\u00e9s e ambientes mais joviais.<\/p>\n<p>Esta obra realizada pela Alubra est\u00e1 localizada em Boa Vista do Sul \/RS, em parceria com Perera Arquitetura e Engenharia e conta com PVC preto, vidros duplos, telas mosqueteiras e persianas automatizadas.<\/p>\n<p>Pense nem esquadrias pretas no seu pr\u00f3ximo projeto, afinal aqui na Alubra elas s\u00e3o as campe\u00e3s de venda, seja em alum\u00ednio ou pvc!<\/p>\n<p>#porissosoualubra #alubraema\u00e7\u00e3o #alubraesquadrias #esquadriasempvc #esquadriasemalum\u00ednio #portasejanelas #arquitetura #design #paisagismo #designdeinteiores #pretonasesquadrias #pretonaarquitetura #preto #ind\u00fastria #fabricadeesquadrias #aluminio #pvc #construaocivil<\/p>\n<p>&nbsp;<\/p>\n<p>&nbsp;<\/p>\n","protected":false},"excerpt":{"rendered":"<p>A cor preta \u00e9 \u00f3tima para criar contrastes ou valorizar detalhes. Ambientes totalmente pretos podem deixar o espa\u00e7o carregado tornando-o desconfort\u00e1vel, mas se combinado com&#8230;<\/p>\n","protected":false},"author":2,"featured_media":559,"comment_status":"open","ping_status":"open","sticky":false,"template":"","format":"standard","meta":[],"categories":[1],"tags":[14,13,23,34,36,6,38,29,7,28,35,33,12,37],"_links":{"self":[{"href":"https:\/\/alubra.com.br\/site\/wp-json\/wp\/v2\/posts\/557"}],"collection":[{"href":"https:\/\/alubra.com.br\/site\/wp-json\/wp\/v2\/posts"}],"about":[{"href":"https:\/\/alubra.com.br\/site\/wp-json\/wp\/v2\/types\/post"}],"author":[{"embeddable":true,"href":"https:\/\/alubra.com.br\/site\/wp-json\/wp\/v2\/users\/2"}],"replies":[{"embeddable":true,"href":"https:\/\/alubra.com.br\/site\/wp-json\/wp\/v2\/comments?post=557"}],"version-history":[{"count":7,"href":"https:\/\/alubra.com.br\/site\/wp-json\/wp\/v2\/posts\/557\/revisions"}],"predecessor-version":[{"id":592,"href":"https:\/\/alubra.com.br\/site\/wp-json\/wp\/v2\/posts\/557\/revisions\/592"}],"wp:featuredmedia":[{"embeddable":true,"href":"https:\/\/alubra.com.br\/site\/wp-json\/wp\/v2\/media\/559"}],"wp:attachment":[{"href":"https:\/\/alubra.com.br\/site\/wp-json\/wp\/v2\/media?parent=557"}],"wp:term":[{"taxonomy":"category","embeddable":true,"href":"https:\/\/alubra.com.br\/site\/wp-json\/wp\/v2\/categories?post=557"},{"taxonomy":"post_tag","embeddable":true,"href":"https:\/\/alubra.com.br\/site\/wp-json\/wp\/v2\/tags?post=557"}],"curies":[{"name":"wp","href":"https:\/\/api.w.org\/{rel}","templated":true}]}}