{"id":525,"date":"2021-08-26T14:51:06","date_gmt":"2021-08-26T17:51:06","guid":{"rendered":"https:\/\/alubra.com.br\/site\/?p=525"},"modified":"2021-08-26T17:28:25","modified_gmt":"2021-08-26T20:28:25","slug":"responsabilidade-social","status":"publish","type":"post","link":"https:\/\/alubra.com.br\/site\/responsabilidade-social\/","title":{"rendered":"Responsabilidade Social"},"content":{"rendered":"<p>Um dos compromissos da Alubra \u00e9 com a responsabilidade social.\u2800<br \/>\nRecentemente, realizamos uma a\u00e7\u00e3o junto \u00e0 Escola San Gennaro, localizada em um dos bairros com elevada vulnerabilidade social de Caxias do Sul.<\/p>\n<p>\u00c9\u2800iniciativa privada e poder p\u00fablico juntos para fazer a diferen\u00e7a.\u2800<\/p>\n<p>A Alubra doou diversos materiais esportivos para a escola e contou com a presen\u00e7a de Aline Messias Oliveira, vice-diretora da escola, Telmo Brandalise, CEO da Alubra e Douglas Mann, diretor de marketing da Alubra.\u2800<\/p>\n<p><iframe loading=\"lazy\" title=\"San Gennaro   Alubra Alta\" width=\"1060\" height=\"596\" src=\"https:\/\/www.youtube.com\/embed\/NVd2_eAjANk?start=4&#038;feature=oembed\" frameborder=\"0\" allow=\"accelerometer; autoplay; clipboard-write; encrypted-media; gyroscope; picture-in-picture\" allowfullscreen><\/iframe><\/p>\n<p>\u2800<br \/>\n<a class=\" xil3i\" href=\"https:\/\/www.instagram.com\/explore\/tags\/porissosoualubra\/\">#porissosoualubra<\/a>\u00a0<a class=\" xil3i\" href=\"https:\/\/www.instagram.com\/explore\/tags\/responsabilidadesocial\/\">#responsabilidadesocial<\/a>\u00a0<a class=\" xil3i\" href=\"https:\/\/www.instagram.com\/explore\/tags\/esquadriasempvc\/\">#esquadriasempvc<\/a>\u00a0<a class=\" xil3i\" href=\"https:\/\/www.instagram.com\/explore\/tags\/esquadriasdealuminio\/\">#esquadriasdealuminio<\/a>\u00a0<a class=\" xil3i\" href=\"https:\/\/www.instagram.com\/explore\/tags\/upvc\/\">#upvc<\/a>\u00a0<a class=\" xil3i\" href=\"https:\/\/www.instagram.com\/explore\/tags\/pvc\/\">#pvc<\/a>\u00a0<a class=\" xil3i\" href=\"https:\/\/www.instagram.com\/explore\/tags\/aluminio\/\">#aluminio<\/a>\u00a0<a class=\" xil3i\" href=\"https:\/\/www.instagram.com\/explore\/tags\/arquitetura\/\">#arquitetura<\/a>\u00a0<a class=\" xil3i\" href=\"https:\/\/www.instagram.com\/explore\/tags\/projetosarquitetonicos\/\">#projetosarquitetonicos<\/a>\u00a0<a class=\" xil3i\" href=\"https:\/\/www.instagram.com\/explore\/tags\/design\/\">#design<\/a>\u00a0<a class=\" xil3i\" href=\"https:\/\/www.instagram.com\/explore\/tags\/portasejanelas\/\">#portasejanelas<\/a>\u00a0<a class=\" xil3i\" href=\"https:\/\/www.instagram.com\/explore\/tags\/esquadrias\/\">#esquadrias #portasejanelas #design #mundobemmelhor\u00a0<\/a><\/p>\n","protected":false},"excerpt":{"rendered":"<p>Um dos compromissos da Alubra \u00e9 com a responsabilidade social.\u2800 Recentemente, realizamos uma a\u00e7\u00e3o junto \u00e0 Escola San Gennaro, localizada em um dos bairros com&#8230;<\/p>\n","protected":false},"author":2,"featured_media":526,"comment_status":"open","ping_status":"open","sticky":false,"template":"","format":"standard","meta":[],"categories":[1],"tags":[17,16,26,14,19,13,23,8,7,24,18],"_links":{"self":[{"href":"https:\/\/alubra.com.br\/site\/wp-json\/wp\/v2\/posts\/525"}],"collection":[{"href":"https:\/\/alubra.com.br\/site\/wp-json\/wp\/v2\/posts"}],"about":[{"href":"https:\/\/alubra.com.br\/site\/wp-json\/wp\/v2\/types\/post"}],"author":[{"embeddable":true,"href":"https:\/\/alubra.com.br\/site\/wp-json\/wp\/v2\/users\/2"}],"replies":[{"embeddable":true,"href":"https:\/\/alubra.com.br\/site\/wp-json\/wp\/v2\/comments?post=525"}],"version-history":[{"count":5,"href":"https:\/\/alubra.com.br\/site\/wp-json\/wp\/v2\/posts\/525\/revisions"}],"predecessor-version":[{"id":556,"href":"https:\/\/alubra.com.br\/site\/wp-json\/wp\/v2\/posts\/525\/revisions\/556"}],"wp:featuredmedia":[{"embeddable":true,"href":"https:\/\/alubra.com.br\/site\/wp-json\/wp\/v2\/media\/526"}],"wp:attachment":[{"href":"https:\/\/alubra.com.br\/site\/wp-json\/wp\/v2\/media?parent=525"}],"wp:term":[{"taxonomy":"category","embeddable":true,"href":"https:\/\/alubra.com.br\/site\/wp-json\/wp\/v2\/categories?post=525"},{"taxonomy":"post_tag","embeddable":true,"href":"https:\/\/alubra.com.br\/site\/wp-json\/wp\/v2\/tags?post=525"}],"curies":[{"name":"wp","href":"https:\/\/api.w.org\/{rel}","templated":true}]}}